{"id":1141,"date":"2024-07-18T14:27:30","date_gmt":"2024-07-18T14:27:30","guid":{"rendered":"https:\/\/soperfect.fr\/?p=1141"},"modified":"2024-11-05T10:47:20","modified_gmt":"2024-11-05T10:47:20","slug":"so-perfect-a-linauguration-du-1894-a-lille","status":"publish","type":"post","link":"https:\/\/soperfect.fr\/en\/so-perfect-a-linauguration-du-1894-a-lille\/","title":{"rendered":"So Perfect \u00e0 l&rsquo;Inauguration du 1894 \u00e0 Lille"},"content":{"rendered":"<h2>So Perfect \u00e0 l&rsquo;inauguration du 1894<\/h2>\n<p>L&rsquo;inauguration du <a href=\"https:\/\/le1894.com\/\">1894<\/a>, un nouvel espace \u00e9v\u00e9nementiel au c\u0153ur de l\u2019institut Pasteur de Lille, a \u00e9t\u00e9 marqu\u00e9e par une conf\u00e9rence et un cocktail d&rsquo;exception o\u00f9 l\u2019\u00e9l\u00e9gance et sophistication \u00e9taient \u00e0 l&rsquo;honneur. Les h\u00f4tes et h\u00f4tesses de So Perfect ont assur\u00e9 le service d&rsquo;accueil, ajoutant une touche de professionnalisme et de charme \u00e0 l&rsquo;\u00e9v\u00e9nement.<\/p>\n<p>Le 1894 se distingue par ses 1500 m\u00b2 d&rsquo;espaces modulables, con\u00e7us pour accueillir divers types d&rsquo;\u00e9v\u00e9nements, des conf\u00e9rences aux soir\u00e9es priv\u00e9es. Ce lieu prestigieux\u00a0 allie histoire et modernit\u00e9 et offre un cadre unique et m\u00e9morable pour toutes sortes d&rsquo;occasions. Avec ses vastes espaces et son ambiance unique, le 1894 est destin\u00e9 \u00e0 devenir un lieu incontournable pour des \u00e9v\u00e9nements prestigieux \u00e0 Lille. Cet \u00e9v\u00e9nement a soulign\u00e9 l&rsquo;importance d&rsquo;un service d&rsquo;accueil de qualit\u00e9, assurant le bon d\u00e9roulement de la soir\u00e9e et laissant une impression m\u00e9morable aux invit\u00e9s. Les h\u00f4tesses et h\u00f4tes de So Perfect ont su mettre en avant les valeurs d&rsquo;\u00e9l\u00e9gance et de professionnalisme qui caract\u00e9risent leur agence, contribuant au succ\u00e8s de cette inauguration.<\/p>\n<p>D\u00e8s l&rsquo;entr\u00e9e, les invit\u00e9s ont \u00e9t\u00e9 accueillis par les h\u00f4tesses et h\u00f4tes de So Perfect, dont la pr\u00e9sentation impeccable et les sourires chaleureux ont imm\u00e9diatement mis tout le monde \u00e0 l&rsquo;aise.<\/p>\n<p>Les h\u00f4tesses \u00e9taient habill\u00e9s aux couleurs du 1894 : le vert sauge qui rappelle la salle de conf\u00e9rence. Cette tenue a \u00e9t\u00e9 choisie sp\u00e9cialement pour le 1894 \u00e0 la demande du client.\u00a0Nous nous sommes adapt\u00e9 \u00e0 l&rsquo;image et \u00e0 l&rsquo;ADN du lieu.<\/p>\n<p>L&rsquo;inauguration a rassembl\u00e9 des personnalit\u00e9s influentes de divers secteurs, notamment des entrepreneurs, des artistes, et des responsables d&rsquo;associations locales. La pr\u00e9sence des h\u00f4tes et h\u00f4tesses de So Perfect a \u00e9t\u00e9 cruciale pour garantir une exp\u00e9rience sans faille pour tous les participants. Leur capacit\u00e9 \u00e0 anticiper les besoins des invit\u00e9s et \u00e0 fournir un service personnalis\u00e9 a \u00e9t\u00e9 largement appr\u00e9ci\u00e9e, contribuant \u00e0 cr\u00e9er une atmosph\u00e8re conviviale et raffin\u00e9e.<\/p>\n<p>Outre leur r\u00f4le d&rsquo;accueil, les \u00e9quipes de So Perfect ont \u00e9galement assist\u00e9 \u00e0 la coordination de l&rsquo;\u00e9v\u00e9nement, travaillant en \u00e9troite collaboration avec les organisateurs pour s&rsquo;assurer que tout se d\u00e9roule sans accroc. Leur formation rigoureuse et leur exp\u00e9rience dans la gestion d&rsquo;\u00e9v\u00e9nements de grande envergure ont \u00e9t\u00e9 des atouts pr\u00e9cieux, permettant de g\u00e9rer efficacement les impr\u00e9vus et d&rsquo;assurer une fluidit\u00e9 parfaite tout au long de la soir\u00e9e.<\/p>\n<p>L&rsquo;inauguration du 1894 n&rsquo;\u00e9tait pas seulement une c\u00e9l\u00e9bration de ce nouveau lieu exceptionnel, mais aussi une d\u00e9monstration \u00e9clatante de l&rsquo;importance du service d&rsquo;accueil dans la r\u00e9ussite d&rsquo;un \u00e9v\u00e9nement. En choisissant So Perfect, les organisateurs ont fait le choix de l&rsquo;excellence et du professionnalisme, garantissant une exp\u00e9rience inoubliable pour tous les invit\u00e9s.<\/p>\n<p>Pour en savoir plus sur nos services d&rsquo;accueil et prestations \u00e9v\u00e9nementielles, ainsi que pour d\u00e9couvrir comment nous pouvons contribuer au succ\u00e8s de vos futurs \u00e9v\u00e9nements, visitez notre site <a href=\"https:\/\/soperfect.fr\/\">So Perfect<\/a>. Nos \u00e9quipes sont pr\u00eates \u00e0 vous offrir une exp\u00e9rience d&rsquo;accueil exceptionnelle, alliant \u00e9l\u00e9gance, efficacit\u00e9 et attention aux d\u00e9tails.<\/p>\n<p><img fetchpriority=\"high\" decoding=\"async\" src=\"https:\/\/soperfect.fr\/wp-content\/uploads\/2024\/07\/Capture-decran-2024-07-18-a-15.56.17-1024x624.png\" sizes=\"(max-width: 800px) 100vw, 800px\" srcset=\"https:\/\/soperfect.fr\/wp-content\/uploads\/2024\/07\/Capture-decran-2024-07-18-a-15.56.17-1024x624.png 1024w, https:\/\/soperfect.fr\/wp-content\/uploads\/2024\/07\/Capture-decran-2024-07-18-a-15.56.17-300x183.png 300w, https:\/\/soperfect.fr\/wp-content\/uploads\/2024\/07\/Capture-decran-2024-07-18-a-15.56.17-768x468.png 768w, https:\/\/soperfect.fr\/wp-content\/uploads\/2024\/07\/Capture-decran-2024-07-18-a-15.56.17-1536x936.png 1536w, https:\/\/soperfect.fr\/wp-content\/uploads\/2024\/07\/Capture-decran-2024-07-18-a-15.56.17-18x12.png 18w, https:\/\/soperfect.fr\/wp-content\/uploads\/2024\/07\/Capture-decran-2024-07-18-a-15.56.17.png 1631w\" alt=\"\" width=\"800\" height=\"488\" \/><\/p>","protected":false},"excerpt":{"rendered":"<p>So Perfect \u00e0 l&rsquo;inauguration du 1894 L&rsquo;inauguration du 1894, un nouvel espace \u00e9v\u00e9nementiel au c\u0153ur de l\u2019institut Pasteur de Lille, a \u00e9t\u00e9 marqu\u00e9e par une conf\u00e9rence et un cocktail d&rsquo;exception o\u00f9 l\u2019\u00e9l\u00e9gance et sophistication \u00e9taient \u00e0 l&rsquo;honneur. Les h\u00f4tes et h\u00f4tesses de So Perfect ont assur\u00e9 le service d&rsquo;accueil, ajoutant une touche de professionnalisme et [&hellip;]<\/p>\n","protected":false},"author":2,"featured_media":1142,"comment_status":"closed","ping_status":"open","sticky":false,"template":"","format":"standard","meta":{"_acf_changed":false,"_crdt_document":"","footnotes":""},"categories":[5],"tags":[],"class_list":["post-1141","post","type-post","status-publish","format-standard","has-post-thumbnail","hentry","category-blog"],"acf":{"galerie_dimages":{"image_1":"","image_2":"","image_3":"","image_4":"","image_5":"","image_6":"","image_7":"","image_8":"","image_9":"","image_10":""}},"yoast_head":"<!-- This site is optimized with the Yoast SEO plugin v27.4 - https:\/\/yoast.com\/product\/yoast-seo-wordpress\/ -->\n<title>So Perfect \u00e0 l&#039;Inauguration du 1894 \u00e0 Lille - So perfect - Perfect Model<\/title>\n<meta name=\"robots\" content=\"index, follow, max-snippet:-1, max-image-preview:large, max-video-preview:-1\" \/>\n<link rel=\"canonical\" href=\"https:\/\/soperfect.fr\/en\/so-perfect-a-linauguration-du-1894-a-lille\/\" \/>\n<meta property=\"og:locale\" content=\"en_GB\" \/>\n<meta property=\"og:type\" content=\"article\" \/>\n<meta property=\"og:title\" content=\"So Perfect \u00e0 l&#039;Inauguration du 1894 \u00e0 Lille - So perfect - Perfect Model\" \/>\n<meta property=\"og:description\" content=\"So Perfect \u00e0 l&rsquo;inauguration du 1894 L&rsquo;inauguration du 1894, un nouvel espace \u00e9v\u00e9nementiel au c\u0153ur de l\u2019institut Pasteur de Lille, a \u00e9t\u00e9 marqu\u00e9e par une conf\u00e9rence et un cocktail d&rsquo;exception o\u00f9 l\u2019\u00e9l\u00e9gance et sophistication \u00e9taient \u00e0 l&rsquo;honneur. Les h\u00f4tes et h\u00f4tesses de So Perfect ont assur\u00e9 le service d&rsquo;accueil, ajoutant une touche de professionnalisme et [&hellip;]\" \/>\n<meta property=\"og:url\" content=\"https:\/\/soperfect.fr\/en\/so-perfect-a-linauguration-du-1894-a-lille\/\" \/>\n<meta property=\"og:site_name\" content=\"So perfect - Perfect Model\" \/>\n<meta property=\"article:published_time\" content=\"2024-07-18T14:27:30+00:00\" \/>\n<meta property=\"article:modified_time\" content=\"2024-11-05T10:47:20+00:00\" \/>\n<meta property=\"og:image\" content=\"https:\/\/soperfect.fr\/wp-content\/uploads\/2024\/07\/Capture-decran-2024-07-18-a-15.56.17-1024x624.png\" \/>\n\t<meta property=\"og:image:width\" content=\"1024\" \/>\n\t<meta property=\"og:image:height\" content=\"624\" \/>\n\t<meta property=\"og:image:type\" content=\"image\/png\" \/>\n<meta name=\"author\" content=\"hello@soperfect.fr\" \/>\n<meta name=\"twitter:card\" content=\"summary_large_image\" \/>\n<meta name=\"twitter:label1\" content=\"Written by\" \/>\n\t<meta name=\"twitter:data1\" content=\"hello@soperfect.fr\" \/>\n\t<meta name=\"twitter:label2\" content=\"Estimated reading time\" \/>\n\t<meta name=\"twitter:data2\" content=\"3 minutes\" \/>\n<script type=\"application\/ld+json\" class=\"yoast-schema-graph\">{\"@context\":\"https:\\\/\\\/schema.org\",\"@graph\":[{\"@type\":\"Article\",\"@id\":\"https:\\\/\\\/soperfect.fr\\\/so-perfect-a-linauguration-du-1894-a-lille\\\/#article\",\"isPartOf\":{\"@id\":\"https:\\\/\\\/soperfect.fr\\\/so-perfect-a-linauguration-du-1894-a-lille\\\/\"},\"author\":{\"name\":\"hello@soperfect.fr\",\"@id\":\"https:\\\/\\\/soperfect.fr\\\/#\\\/schema\\\/person\\\/ee3b6b62c2bd9caa9c7c5aaaddd9f78c\"},\"headline\":\"So Perfect \u00e0 l&rsquo;Inauguration du 1894 \u00e0 Lille\",\"datePublished\":\"2024-07-18T14:27:30+00:00\",\"dateModified\":\"2024-11-05T10:47:20+00:00\",\"mainEntityOfPage\":{\"@id\":\"https:\\\/\\\/soperfect.fr\\\/so-perfect-a-linauguration-du-1894-a-lille\\\/\"},\"wordCount\":568,\"publisher\":{\"@id\":\"https:\\\/\\\/soperfect.fr\\\/#organization\"},\"image\":{\"@id\":\"https:\\\/\\\/soperfect.fr\\\/so-perfect-a-linauguration-du-1894-a-lille\\\/#primaryimage\"},\"thumbnailUrl\":\"https:\\\/\\\/soperfect.fr\\\/wp-content\\\/uploads\\\/2024\\\/07\\\/Capture-decran-2024-07-18-a-15.56.17.png\",\"articleSection\":[\"blog\"],\"inLanguage\":\"en-GB\"},{\"@type\":\"WebPage\",\"@id\":\"https:\\\/\\\/soperfect.fr\\\/so-perfect-a-linauguration-du-1894-a-lille\\\/\",\"url\":\"https:\\\/\\\/soperfect.fr\\\/so-perfect-a-linauguration-du-1894-a-lille\\\/\",\"name\":\"So Perfect \u00e0 l'Inauguration du 1894 \u00e0 Lille - So perfect - Perfect Model\",\"isPartOf\":{\"@id\":\"https:\\\/\\\/soperfect.fr\\\/#website\"},\"primaryImageOfPage\":{\"@id\":\"https:\\\/\\\/soperfect.fr\\\/so-perfect-a-linauguration-du-1894-a-lille\\\/#primaryimage\"},\"image\":{\"@id\":\"https:\\\/\\\/soperfect.fr\\\/so-perfect-a-linauguration-du-1894-a-lille\\\/#primaryimage\"},\"thumbnailUrl\":\"https:\\\/\\\/soperfect.fr\\\/wp-content\\\/uploads\\\/2024\\\/07\\\/Capture-decran-2024-07-18-a-15.56.17.png\",\"datePublished\":\"2024-07-18T14:27:30+00:00\",\"dateModified\":\"2024-11-05T10:47:20+00:00\",\"breadcrumb\":{\"@id\":\"https:\\\/\\\/soperfect.fr\\\/so-perfect-a-linauguration-du-1894-a-lille\\\/#breadcrumb\"},\"inLanguage\":\"en-GB\",\"potentialAction\":[{\"@type\":\"ReadAction\",\"target\":[\"https:\\\/\\\/soperfect.fr\\\/so-perfect-a-linauguration-du-1894-a-lille\\\/\"]}]},{\"@type\":\"ImageObject\",\"inLanguage\":\"en-GB\",\"@id\":\"https:\\\/\\\/soperfect.fr\\\/so-perfect-a-linauguration-du-1894-a-lille\\\/#primaryimage\",\"url\":\"https:\\\/\\\/soperfect.fr\\\/wp-content\\\/uploads\\\/2024\\\/07\\\/Capture-decran-2024-07-18-a-15.56.17.png\",\"contentUrl\":\"https:\\\/\\\/soperfect.fr\\\/wp-content\\\/uploads\\\/2024\\\/07\\\/Capture-decran-2024-07-18-a-15.56.17.png\",\"width\":1631,\"height\":994},{\"@type\":\"BreadcrumbList\",\"@id\":\"https:\\\/\\\/soperfect.fr\\\/so-perfect-a-linauguration-du-1894-a-lille\\\/#breadcrumb\",\"itemListElement\":[{\"@type\":\"ListItem\",\"position\":1,\"name\":\"Accueil\",\"item\":\"https:\\\/\\\/soperfect.fr\\\/\"},{\"@type\":\"ListItem\",\"position\":2,\"name\":\"So Perfect \u00e0 l&#8217;Inauguration du 1894 \u00e0 Lille\"}]},{\"@type\":\"WebSite\",\"@id\":\"https:\\\/\\\/soperfect.fr\\\/#website\",\"url\":\"https:\\\/\\\/soperfect.fr\\\/\",\"name\":\"So perfect - Perfect Model\",\"description\":\"\",\"publisher\":{\"@id\":\"https:\\\/\\\/soperfect.fr\\\/#organization\"},\"potentialAction\":[{\"@type\":\"SearchAction\",\"target\":{\"@type\":\"EntryPoint\",\"urlTemplate\":\"https:\\\/\\\/soperfect.fr\\\/?s={search_term_string}\"},\"query-input\":{\"@type\":\"PropertyValueSpecification\",\"valueRequired\":true,\"valueName\":\"search_term_string\"}}],\"inLanguage\":\"en-GB\"},{\"@type\":\"Organization\",\"@id\":\"https:\\\/\\\/soperfect.fr\\\/#organization\",\"name\":\"So perfect - Perfect Model\",\"url\":\"https:\\\/\\\/soperfect.fr\\\/\",\"logo\":{\"@type\":\"ImageObject\",\"inLanguage\":\"en-GB\",\"@id\":\"https:\\\/\\\/soperfect.fr\\\/#\\\/schema\\\/logo\\\/image\\\/\",\"url\":\"https:\\\/\\\/soperfect.fr\\\/wp-content\\\/uploads\\\/2024\\\/04\\\/logo.svg\",\"contentUrl\":\"https:\\\/\\\/soperfect.fr\\\/wp-content\\\/uploads\\\/2024\\\/04\\\/logo.svg\",\"width\":302,\"height\":73,\"caption\":\"So perfect - Perfect Model\"},\"image\":{\"@id\":\"https:\\\/\\\/soperfect.fr\\\/#\\\/schema\\\/logo\\\/image\\\/\"},\"sameAs\":[\"https:\\\/\\\/www.instagram.com\\\/perfectmodelofficiel\\\/\"]},{\"@type\":\"Person\",\"@id\":\"https:\\\/\\\/soperfect.fr\\\/#\\\/schema\\\/person\\\/ee3b6b62c2bd9caa9c7c5aaaddd9f78c\",\"name\":\"hello@soperfect.fr\",\"url\":\"https:\\\/\\\/soperfect.fr\\\/en\\\/author\\\/hellosoperfect-fr\\\/\"}]}<\/script>\n<!-- \/ Yoast SEO plugin. -->","yoast_head_json":{"title":"So Perfect \u00e0 l'Inauguration du 1894 \u00e0 Lille - So perfect - Perfect Model","robots":{"index":"index","follow":"follow","max-snippet":"max-snippet:-1","max-image-preview":"max-image-preview:large","max-video-preview":"max-video-preview:-1"},"canonical":"https:\/\/soperfect.fr\/en\/so-perfect-a-linauguration-du-1894-a-lille\/","og_locale":"en_GB","og_type":"article","og_title":"So Perfect \u00e0 l'Inauguration du 1894 \u00e0 Lille - So perfect - Perfect Model","og_description":"So Perfect \u00e0 l&rsquo;inauguration du 1894 L&rsquo;inauguration du 1894, un nouvel espace \u00e9v\u00e9nementiel au c\u0153ur de l\u2019institut Pasteur de Lille, a \u00e9t\u00e9 marqu\u00e9e par une conf\u00e9rence et un cocktail d&rsquo;exception o\u00f9 l\u2019\u00e9l\u00e9gance et sophistication \u00e9taient \u00e0 l&rsquo;honneur. Les h\u00f4tes et h\u00f4tesses de So Perfect ont assur\u00e9 le service d&rsquo;accueil, ajoutant une touche de professionnalisme et [&hellip;]","og_url":"https:\/\/soperfect.fr\/en\/so-perfect-a-linauguration-du-1894-a-lille\/","og_site_name":"So perfect - Perfect Model","article_published_time":"2024-07-18T14:27:30+00:00","article_modified_time":"2024-11-05T10:47:20+00:00","og_image":[{"width":1024,"height":624,"url":"https:\/\/soperfect.fr\/wp-content\/uploads\/2024\/07\/Capture-decran-2024-07-18-a-15.56.17-1024x624.png","type":"image\/png"}],"author":"hello@soperfect.fr","twitter_card":"summary_large_image","twitter_misc":{"Written by":"hello@soperfect.fr","Estimated reading time":"3 minutes"},"schema":{"@context":"https:\/\/schema.org","@graph":[{"@type":"Article","@id":"https:\/\/soperfect.fr\/so-perfect-a-linauguration-du-1894-a-lille\/#article","isPartOf":{"@id":"https:\/\/soperfect.fr\/so-perfect-a-linauguration-du-1894-a-lille\/"},"author":{"name":"hello@soperfect.fr","@id":"https:\/\/soperfect.fr\/#\/schema\/person\/ee3b6b62c2bd9caa9c7c5aaaddd9f78c"},"headline":"So Perfect \u00e0 l&rsquo;Inauguration du 1894 \u00e0 Lille","datePublished":"2024-07-18T14:27:30+00:00","dateModified":"2024-11-05T10:47:20+00:00","mainEntityOfPage":{"@id":"https:\/\/soperfect.fr\/so-perfect-a-linauguration-du-1894-a-lille\/"},"wordCount":568,"publisher":{"@id":"https:\/\/soperfect.fr\/#organization"},"image":{"@id":"https:\/\/soperfect.fr\/so-perfect-a-linauguration-du-1894-a-lille\/#primaryimage"},"thumbnailUrl":"https:\/\/soperfect.fr\/wp-content\/uploads\/2024\/07\/Capture-decran-2024-07-18-a-15.56.17.png","articleSection":["blog"],"inLanguage":"en-GB"},{"@type":"WebPage","@id":"https:\/\/soperfect.fr\/so-perfect-a-linauguration-du-1894-a-lille\/","url":"https:\/\/soperfect.fr\/so-perfect-a-linauguration-du-1894-a-lille\/","name":"So Perfect \u00e0 l'Inauguration du 1894 \u00e0 Lille - So perfect - Perfect Model","isPartOf":{"@id":"https:\/\/soperfect.fr\/#website"},"primaryImageOfPage":{"@id":"https:\/\/soperfect.fr\/so-perfect-a-linauguration-du-1894-a-lille\/#primaryimage"},"image":{"@id":"https:\/\/soperfect.fr\/so-perfect-a-linauguration-du-1894-a-lille\/#primaryimage"},"thumbnailUrl":"https:\/\/soperfect.fr\/wp-content\/uploads\/2024\/07\/Capture-decran-2024-07-18-a-15.56.17.png","datePublished":"2024-07-18T14:27:30+00:00","dateModified":"2024-11-05T10:47:20+00:00","breadcrumb":{"@id":"https:\/\/soperfect.fr\/so-perfect-a-linauguration-du-1894-a-lille\/#breadcrumb"},"inLanguage":"en-GB","potentialAction":[{"@type":"ReadAction","target":["https:\/\/soperfect.fr\/so-perfect-a-linauguration-du-1894-a-lille\/"]}]},{"@type":"ImageObject","inLanguage":"en-GB","@id":"https:\/\/soperfect.fr\/so-perfect-a-linauguration-du-1894-a-lille\/#primaryimage","url":"https:\/\/soperfect.fr\/wp-content\/uploads\/2024\/07\/Capture-decran-2024-07-18-a-15.56.17.png","contentUrl":"https:\/\/soperfect.fr\/wp-content\/uploads\/2024\/07\/Capture-decran-2024-07-18-a-15.56.17.png","width":1631,"height":994},{"@type":"BreadcrumbList","@id":"https:\/\/soperfect.fr\/so-perfect-a-linauguration-du-1894-a-lille\/#breadcrumb","itemListElement":[{"@type":"ListItem","position":1,"name":"Accueil","item":"https:\/\/soperfect.fr\/"},{"@type":"ListItem","position":2,"name":"So Perfect \u00e0 l&#8217;Inauguration du 1894 \u00e0 Lille"}]},{"@type":"WebSite","@id":"https:\/\/soperfect.fr\/#website","url":"https:\/\/soperfect.fr\/","name":"So perfect - Perfect Model","description":"","publisher":{"@id":"https:\/\/soperfect.fr\/#organization"},"potentialAction":[{"@type":"SearchAction","target":{"@type":"EntryPoint","urlTemplate":"https:\/\/soperfect.fr\/?s={search_term_string}"},"query-input":{"@type":"PropertyValueSpecification","valueRequired":true,"valueName":"search_term_string"}}],"inLanguage":"en-GB"},{"@type":"Organization","@id":"https:\/\/soperfect.fr\/#organization","name":"So perfect - Perfect Model","url":"https:\/\/soperfect.fr\/","logo":{"@type":"ImageObject","inLanguage":"en-GB","@id":"https:\/\/soperfect.fr\/#\/schema\/logo\/image\/","url":"https:\/\/soperfect.fr\/wp-content\/uploads\/2024\/04\/logo.svg","contentUrl":"https:\/\/soperfect.fr\/wp-content\/uploads\/2024\/04\/logo.svg","width":302,"height":73,"caption":"So perfect - Perfect Model"},"image":{"@id":"https:\/\/soperfect.fr\/#\/schema\/logo\/image\/"},"sameAs":["https:\/\/www.instagram.com\/perfectmodelofficiel\/"]},{"@type":"Person","@id":"https:\/\/soperfect.fr\/#\/schema\/person\/ee3b6b62c2bd9caa9c7c5aaaddd9f78c","name":"hello@soperfect.fr","url":"https:\/\/soperfect.fr\/en\/author\/hellosoperfect-fr\/"}]}},"_links":{"self":[{"href":"https:\/\/soperfect.fr\/en\/wp-json\/wp\/v2\/posts\/1141","targetHints":{"allow":["GET"]}}],"collection":[{"href":"https:\/\/soperfect.fr\/en\/wp-json\/wp\/v2\/posts"}],"about":[{"href":"https:\/\/soperfect.fr\/en\/wp-json\/wp\/v2\/types\/post"}],"author":[{"embeddable":true,"href":"https:\/\/soperfect.fr\/en\/wp-json\/wp\/v2\/users\/2"}],"replies":[{"embeddable":true,"href":"https:\/\/soperfect.fr\/en\/wp-json\/wp\/v2\/comments?post=1141"}],"version-history":[{"count":9,"href":"https:\/\/soperfect.fr\/en\/wp-json\/wp\/v2\/posts\/1141\/revisions"}],"predecessor-version":[{"id":1300,"href":"https:\/\/soperfect.fr\/en\/wp-json\/wp\/v2\/posts\/1141\/revisions\/1300"}],"wp:featuredmedia":[{"embeddable":true,"href":"https:\/\/soperfect.fr\/en\/wp-json\/wp\/v2\/media\/1142"}],"wp:attachment":[{"href":"https:\/\/soperfect.fr\/en\/wp-json\/wp\/v2\/media?parent=1141"}],"wp:term":[{"taxonomy":"category","embeddable":true,"href":"https:\/\/soperfect.fr\/en\/wp-json\/wp\/v2\/categories?post=1141"},{"taxonomy":"post_tag","embeddable":true,"href":"https:\/\/soperfect.fr\/en\/wp-json\/wp\/v2\/tags?post=1141"}],"curies":[{"name":"wp","href":"https:\/\/api.w.org\/{rel}","templated":true}]}}